{"id":667,"date":"2019-09-25T11:56:33","date_gmt":"2019-09-25T14:56:33","guid":{"rendered":"https:\/\/wp-prd.tr99.com.br\/es\/?p=667"},"modified":"2020-03-24T19:11:27","modified_gmt":"2020-03-24T22:11:27","slug":"vamos-nos-alongar","status":"publish","type":"post","link":"https:\/\/herbarium.com.br\/es\/blog\/2019\/09\/25\/vamos-nos-alongar\/","title":{"rendered":"Vamos nos alongar"},"content":{"rendered":"<p>O alongamento \u00e9 uma pr\u00e1tica elementar ao in\u00edcio e t\u00e9rmino de qualquer exerc\u00edcio f\u00edsico. Atrav\u00e9s dele, diversos grupos musculares s\u00e3o trabalhados, o corpo libera suas tens\u00f5es, se flexibiliza e torna-se mais capacitado para as atividades. Contudo, alongar n\u00e3o representa apenas benef\u00edcios tempor\u00e1rios, que se limitam \u00e0 preven\u00e7\u00e3o de les\u00f5es durante a pr\u00e1tica f\u00edsica.Al\u00e9m disso o h\u00e1bito regular do alongamento proporciona in\u00fameras melhorias comprovadas ao corpo humano.<\/p>\n<p>Segundo o professor de yoga e medita\u00e7\u00e3o e psicoterapeuta corporal, Volnei Pinheiro, <strong>\u00e9 atrav\u00e9s do alongamento que o corpo ganha mais movimento e preparo para enfrentar tanto uma maratona quanto a rotina dentro de um escrit\u00f3rio.<\/strong><\/p>\n<p>\u201cO alongamento serve para flexibilizar e relaxar o corpo, assim ganhamos mais abertura, expans\u00e3o e capacidade de movimento muscular, circulat\u00f3rio e respirat\u00f3rio. Alongar significa preparar o corpo para atividades mais intensas\u201d, afirma o profissional.<\/p>\n<p>Pinheiro explica que <strong>a pr\u00e1tica regular do alongamento possibilita a elimina\u00e7\u00e3o das tens\u00f5es musculares e torna os movimentos mais livres, relaxados e prevenidos contra diversos malef\u00edcios.<\/strong><\/p>\n<p>\u201cIsso proporciona uma maior capacidade de motilidade, ou seja, de movimento. Esta capacidade acarreta num maior equil\u00edbrio muscular, na diminui\u00e7\u00e3o da tens\u00e3o, maior e melhor movimenta\u00e7\u00e3o articular e, em longo prazo, previne artrites e outras doen\u00e7as que comprometem ou paralisam o movimento das articula\u00e7\u00f5es. Quando nos alongamos, ganhamos mais vida\u201d, explica.<\/p>\n<h2>Alongar faz bem para a sa\u00fade mental<\/h2>\n<p>De acordo com Pinheiro, dentro da psicologia corporal \u2013 \u00e1rea em que \u00e9 especialista \u2013 quanto mais livre e relaxado o corpo estiver, menores ser\u00e3o as tens\u00f5es musculares e retra\u00e7\u00f5es emocionais.<\/p>\n<p>\u201cA pr\u00e1tica do alongamento permite a libera\u00e7\u00e3o de emo\u00e7\u00f5es que ficaram retesadas na musculatura, ou seja, nosso fluxo emocional se torna mais livre e fluido, promovendo mais qualidade de vida\u201d. Para Pinheiro, o alongamento deve ser uma pr\u00e1tica di\u00e1ria, a ser realizada, preferencialmente, pela manh\u00e3, per\u00edodo em que o corpo se encontra mais retra\u00eddo e pregui\u00e7oso. <strong>O alongamento matutino prepara o organismo para as atividades di\u00e1rias<\/strong>. E \u00e9 imprescind\u00edvel que seja realizado antes (para preparar) e depois (para restaurar o t\u00f4nus muscular) de atividades f\u00edsicas.<\/p>\n<p>O psic\u00f3logo complementa que, al\u00e9m da flexibilidade e bem-estar muscular, o alongamento provoca uma sensa\u00e7\u00e3o de al\u00edvio e prazer corporal e promove uma respira\u00e7\u00e3o de maior qualidade, uma grande auxiliar na manuten\u00e7\u00e3o do equil\u00edbrio emocional.<\/p>\n<p>\u201cMuitas pessoas pensam que o alongamento \u00e9 s\u00f3 para os m\u00fasculos, mas n\u00e3o podemos esquecer que eles revestem nossa caixa tor\u00e1cica e est\u00e3o em torno de todos os nossos \u00f3rg\u00e3os. Por tanto, quanto mais tensos estiverem, mais pressionar\u00e3o nosso t\u00f3rax e mais carregada ser\u00e1 nossa respira\u00e7\u00e3o\u201d.<\/p>\n<p>Pinheiro tamb\u00e9m ressalta que o estado emocional de um indiv\u00edduo est\u00e1 intimamente ligado com seu condicionamento corporal. \u201cNossos m\u00fasculos fazem contra\u00e7\u00f5es correspondentes \u00e0s nossas emo\u00e7\u00f5es. Um corpo bem alongado, relaxado e descontra\u00eddo promove mais sa\u00fade emocional e facilita na <a href=\"https:\/\/ghostwriter-hilfe.com\/\">elimina\u00e7\u00e3o de emo\u00e7\u00f5es<\/a> negativas\u201d, finaliza.<\/p>\n","protected":false},"excerpt":{"rendered":"<p>O alongamento \u00e9 uma pr\u00e1tica elementar ao in\u00edcio e t\u00e9rmino de qualquer exerc\u00edcio f\u00edsico. Atrav\u00e9s dele, diversos grupos musculares s\u00e3o [&hellip;]<\/p>\n","protected":false},"author":5,"featured_media":754,"comment_status":"open","ping_status":"open","sticky":false,"template":"","format":"standard","meta":{"_monsterinsights_skip_tracking":false,"_monsterinsights_sitenote_active":false,"_monsterinsights_sitenote_note":"","_monsterinsights_sitenote_category":0,"footnotes":""},"categories":[1],"tags":[],"class_list":["post-667","post","type-post","status-publish","format-standard","has-post-thumbnail","hentry","category-qualidade-de-vida"],"yoast_head":"<!-- This site is optimized with the Yoast SEO plugin v20.9 - https:\/\/yoast.com\/wordpress\/plugins\/seo\/ -->\n<title>Vamos nos alongar - Herbarium Espa\u00f1ol<\/title>\n<meta name=\"robots\" content=\"index, follow, max-snippet:-1, max-image-preview:large, max-video-preview:-1\" \/>\n<link rel=\"canonical\" href=\"https:\/\/herbarium.com.br\/es\/blog\/2019\/09\/25\/vamos-nos-alongar\/\" \/>\n<meta property=\"og:locale\" content=\"pt_BR\" \/>\n<meta property=\"og:type\" content=\"article\" \/>\n<meta property=\"og:title\" content=\"Vamos nos alongar - Herbarium Espa\u00f1ol\" \/>\n<meta property=\"og:description\" content=\"O alongamento \u00e9 uma pr\u00e1tica elementar ao in\u00edcio e t\u00e9rmino de qualquer exerc\u00edcio f\u00edsico. Atrav\u00e9s dele, diversos grupos musculares s\u00e3o [&hellip;]\" \/>\n<meta property=\"og:url\" content=\"https:\/\/herbarium.com.br\/es\/blog\/2019\/09\/25\/vamos-nos-alongar\/\" \/>\n<meta property=\"og:site_name\" content=\"Herbarium Espa\u00f1ol\" \/>\n<meta property=\"article:published_time\" content=\"2019-09-25T14:56:33+00:00\" \/>\n<meta property=\"article:modified_time\" content=\"2020-03-24T22:11:27+00:00\" \/>\n<meta property=\"og:image\" content=\"https:\/\/herbarium.com.br\/es\/wp-content\/uploads\/sites\/5\/2019\/09\/alongamento-1.jpg\" \/>\n\t<meta property=\"og:image:width\" content=\"1000\" \/>\n\t<meta property=\"og:image:height\" content=\"561\" \/>\n\t<meta property=\"og:image:type\" content=\"image\/jpeg\" \/>\n<meta name=\"twitter:card\" content=\"summary_large_image\" \/>\n<meta name=\"twitter:label1\" content=\"Escrito por\" \/>\n\t<meta name=\"twitter:data1\" content=\"\" \/>\n\t<meta name=\"twitter:label2\" content=\"Est. tempo de leitura\" \/>\n\t<meta name=\"twitter:data2\" content=\"3 minutos\" \/>\n<script type=\"application\/ld+json\" class=\"yoast-schema-graph\">{\"@context\":\"https:\/\/schema.org\",\"@graph\":[{\"@type\":\"WebPage\",\"@id\":\"https:\/\/herbarium.com.br\/es\/blog\/2019\/09\/25\/vamos-nos-alongar\/\",\"url\":\"https:\/\/herbarium.com.br\/es\/blog\/2019\/09\/25\/vamos-nos-alongar\/\",\"name\":\"Vamos nos alongar - Herbarium Espa\u00f1ol\",\"isPartOf\":{\"@id\":\"https:\/\/herbarium.com.br\/es\/#website\"},\"datePublished\":\"2019-09-25T14:56:33+00:00\",\"dateModified\":\"2020-03-24T22:11:27+00:00\",\"author\":{\"@id\":\"\"},\"breadcrumb\":{\"@id\":\"https:\/\/herbarium.com.br\/es\/blog\/2019\/09\/25\/vamos-nos-alongar\/#breadcrumb\"},\"inLanguage\":\"pt-BR\",\"potentialAction\":[{\"@type\":\"ReadAction\",\"target\":[\"https:\/\/herbarium.com.br\/es\/blog\/2019\/09\/25\/vamos-nos-alongar\/\"]}]},{\"@type\":\"BreadcrumbList\",\"@id\":\"https:\/\/herbarium.com.br\/es\/blog\/2019\/09\/25\/vamos-nos-alongar\/#breadcrumb\",\"itemListElement\":[{\"@type\":\"ListItem\",\"position\":1,\"name\":\"In\u00edcio\",\"item\":\"https:\/\/herbarium.com.br\/\/es\/\"},{\"@type\":\"ListItem\",\"position\":2,\"name\":\"Vamos nos alongar\"}]},{\"@type\":\"WebSite\",\"@id\":\"https:\/\/herbarium.com.br\/es\/#website\",\"url\":\"https:\/\/herbarium.com.br\/es\/\",\"name\":\"Herbarium Espa\u00f1ol\",\"description\":\"Um laborat\u00f3rio farmac\u00eautico refer\u00eancia em Fitomedicina no pa\u00eds\",\"potentialAction\":[{\"@type\":\"SearchAction\",\"target\":{\"@type\":\"EntryPoint\",\"urlTemplate\":\"https:\/\/herbarium.com.br\/es\/?s={search_term_string}\"},\"query-input\":\"required name=search_term_string\"}],\"inLanguage\":\"pt-BR\"},{\"@type\":\"Person\",\"@id\":\"\",\"url\":\"https:\/\/herbarium.com.br\/es\/blog\/author\/\"}]}<\/script>\n<!-- \/ Yoast SEO plugin. -->","yoast_head_json":{"title":"Vamos nos alongar - Herbarium Espa\u00f1ol","robots":{"index":"index","follow":"follow","max-snippet":"max-snippet:-1","max-image-preview":"max-image-preview:large","max-video-preview":"max-video-preview:-1"},"canonical":"https:\/\/herbarium.com.br\/es\/blog\/2019\/09\/25\/vamos-nos-alongar\/","og_locale":"pt_BR","og_type":"article","og_title":"Vamos nos alongar - Herbarium Espa\u00f1ol","og_description":"O alongamento \u00e9 uma pr\u00e1tica elementar ao in\u00edcio e t\u00e9rmino de qualquer exerc\u00edcio f\u00edsico. Atrav\u00e9s dele, diversos grupos musculares s\u00e3o [&hellip;]","og_url":"https:\/\/herbarium.com.br\/es\/blog\/2019\/09\/25\/vamos-nos-alongar\/","og_site_name":"Herbarium Espa\u00f1ol","article_published_time":"2019-09-25T14:56:33+00:00","article_modified_time":"2020-03-24T22:11:27+00:00","og_image":[{"width":1000,"height":561,"url":"https:\/\/herbarium.com.br\/es\/wp-content\/uploads\/sites\/5\/2019\/09\/alongamento-1.jpg","type":"image\/jpeg"}],"twitter_card":"summary_large_image","twitter_misc":{"Escrito por":"","Est. tempo de leitura":"3 minutos"},"schema":{"@context":"https:\/\/schema.org","@graph":[{"@type":"WebPage","@id":"https:\/\/herbarium.com.br\/es\/blog\/2019\/09\/25\/vamos-nos-alongar\/","url":"https:\/\/herbarium.com.br\/es\/blog\/2019\/09\/25\/vamos-nos-alongar\/","name":"Vamos nos alongar - Herbarium Espa\u00f1ol","isPartOf":{"@id":"https:\/\/herbarium.com.br\/es\/#website"},"datePublished":"2019-09-25T14:56:33+00:00","dateModified":"2020-03-24T22:11:27+00:00","author":{"@id":""},"breadcrumb":{"@id":"https:\/\/herbarium.com.br\/es\/blog\/2019\/09\/25\/vamos-nos-alongar\/#breadcrumb"},"inLanguage":"pt-BR","potentialAction":[{"@type":"ReadAction","target":["https:\/\/herbarium.com.br\/es\/blog\/2019\/09\/25\/vamos-nos-alongar\/"]}]},{"@type":"BreadcrumbList","@id":"https:\/\/herbarium.com.br\/es\/blog\/2019\/09\/25\/vamos-nos-alongar\/#breadcrumb","itemListElement":[{"@type":"ListItem","position":1,"name":"In\u00edcio","item":"https:\/\/herbarium.com.br\/\/es\/"},{"@type":"ListItem","position":2,"name":"Vamos nos alongar"}]},{"@type":"WebSite","@id":"https:\/\/herbarium.com.br\/es\/#website","url":"https:\/\/herbarium.com.br\/es\/","name":"Herbarium Espa\u00f1ol","description":"Um laborat\u00f3rio farmac\u00eautico refer\u00eancia em Fitomedicina no pa\u00eds","potentialAction":[{"@type":"SearchAction","target":{"@type":"EntryPoint","urlTemplate":"https:\/\/herbarium.com.br\/es\/?s={search_term_string}"},"query-input":"required name=search_term_string"}],"inLanguage":"pt-BR"},{"@type":"Person","@id":"","url":"https:\/\/herbarium.com.br\/es\/blog\/author\/"}]}},"jetpack_featured_media_url":"https:\/\/herbarium.com.br\/es\/wp-content\/uploads\/sites\/5\/2019\/09\/alongamento-1.jpg","_links":{"self":[{"href":"https:\/\/herbarium.com.br\/es\/wp-json\/wp\/v2\/posts\/667","targetHints":{"allow":["GET"]}}],"collection":[{"href":"https:\/\/herbarium.com.br\/es\/wp-json\/wp\/v2\/posts"}],"about":[{"href":"https:\/\/herbarium.com.br\/es\/wp-json\/wp\/v2\/types\/post"}],"author":[{"embeddable":true,"href":"https:\/\/herbarium.com.br\/es\/wp-json\/wp\/v2\/users\/5"}],"replies":[{"embeddable":true,"href":"https:\/\/herbarium.com.br\/es\/wp-json\/wp\/v2\/comments?post=667"}],"version-history":[{"count":0,"href":"https:\/\/herbarium.com.br\/es\/wp-json\/wp\/v2\/posts\/667\/revisions"}],"wp:featuredmedia":[{"embeddable":true,"href":"https:\/\/herbarium.com.br\/es\/wp-json\/wp\/v2\/media\/754"}],"wp:attachment":[{"href":"https:\/\/herbarium.com.br\/es\/wp-json\/wp\/v2\/media?parent=667"}],"wp:term":[{"taxonomy":"category","embeddable":true,"href":"https:\/\/herbarium.com.br\/es\/wp-json\/wp\/v2\/categories?post=667"},{"taxonomy":"post_tag","embeddable":true,"href":"https:\/\/herbarium.com.br\/es\/wp-json\/wp\/v2\/tags?post=667"}],"curies":[{"name":"wp","href":"https:\/\/api.w.org\/{rel}","templated":true}]}}